{"id":2133,"date":"2026-03-11T17:16:07","date_gmt":"2026-03-11T14:16:07","guid":{"rendered":"https:\/\/tsbd.org.tr\/?p=2133"},"modified":"2026-04-01T21:09:09","modified_gmt":"2026-04-01T18:09:09","slug":"81-yunus-nadi-odulleri-2026","status":"publish","type":"post","link":"https:\/\/tsbd.org.tr\/?p=2133","title":{"rendered":"81. Yunus Nadi \u00d6d\u00fclleri &amp; Nafi Atuf Kansu E\u011fitbilim Ara\u015ft\u0131rmalar\u0131 \u00d6d\u00fclleri | 2026"},"content":{"rendered":"\n<p><strong><span style=\"text-decoration: underline;\">Yunus Nabi \u00d6d\u00fclleri<\/span><\/strong><\/p>\n\n\n\n<p>Bu y\u0131l 81&#8217;incisi d\u00fczenlenecek Yunus Nadi \u00d6d\u00fclleri ba\u015fvurular\u0131 i\u00e7in gerekli bilgi a\u015fa\u011f\u0131daki g\u00f6rselde yer almaktad\u0131r. \u0130lginize sunar\u0131z.<\/p>\n\n\n\n<div class=\"wp-block-uagb-image aligncenter uagb-block-8ec3d86b wp-block-uagb-image--layout-default wp-block-uagb-image--effect-static wp-block-uagb-image--align-center\"><figure class=\"wp-block-uagb-image__figure\"><img loading=\"lazy\" decoding=\"async\" srcset=\"https:\/\/tsbd.org.tr\/wp-content\/uploads\/2026\/03\/yunus_nadi_odul-1024x656.jpeg ,https:\/\/tsbd.org.tr\/wp-content\/uploads\/2026\/03\/yunus_nadi_odul.jpeg 780w, https:\/\/tsbd.org.tr\/wp-content\/uploads\/2026\/03\/yunus_nadi_odul.jpeg 360w\" sizes=\"auto, (max-width: 480px) 150px\" src=\"https:\/\/tsbd.org.tr\/wp-content\/uploads\/2026\/03\/yunus_nadi_odul-1024x656.jpeg\" alt=\"\" class=\"uag-image-2134\" width=\"1170\" height=\"749\" title=\"yunus_nadi_\u00f6d\u00fcl\" loading=\"lazy\" role=\"img\"\/><\/figure><\/div>\n\n\n\n<p><strong><span style=\"text-decoration: underline;\">Nafi Atuf Kansu E\u011fitbilim Ara\u015ft\u0131rmalar\u0131 \u00d6d\u00fclleri<\/span><\/strong><\/p>\n\n\n\n<p>E\u011fitimci ve siyaset\u00e7i Nafi Atuf Kansu ad\u0131na konulmu\u015f olan E\u011fitbilim Ara\u015ft\u0131rmalar\u0131 \u00d6d\u00fcl\u00fc&#8217;ne 2026 y\u0131l\u0131 i\u00e7in kat\u0131l\u0131m ko\u015fullar\u0131 a\u00e7\u0131kland\u0131.<br><br>\u00d6d\u00fcle adaylar \u00fc\u00e7 ayr\u0131 dalda kat\u0131labilecekler:<br>\u2022\u2060 \u2060<strong>Tez<\/strong>: 30.06.2025 &#8211; 01.04.2026 tarihleri aras\u0131nda e\u011fitbilim alan\u0131nda yurti\u00e7i \u00fcniversitelerin doktora programlar\u0131nda kabul edilmi\u015f tezlere y\u00f6nelik olacak. T\u00fcrkiye\u2019de yabanc\u0131 dilde e\u011fitim yap\u0131lan \u00fcniversitelerde tamamlanan tezlerin, tezin kapsam\u0131n\u0131 olabildi\u011finde anlatabilecek ve de\u011ferlendirilecek \u00f6l\u00e7\u00fcde T\u00fcrk\u00e7e \u00f6zetle desteklenmesi gerekiyor.<br>\u2022\u2060 \u2060<strong>Makale<\/strong>: 30.06.2025 &#8211; 01.04.2026 tarihleri aras\u0131nda e\u011fitbilim alan\u0131nda yurt i\u00e7inde ara\u015ft\u0131rma niteli\u011findeki ki\u015fisel veya ortak yaz\u0131lm\u0131\u015f, hakemli dergilerde yay\u0131nlanm\u0131\u015f T\u00fcrk\u00e7e makaleler de\u011ferlendirilecek.<br>\u2022\u2060 \u2060<strong>Kitap<\/strong>: 30.06.2025 &#8211; 01.04.2026 tarihleri aras\u0131nda e\u011fitbilim alan\u0131nda yurt i\u00e7inde yay\u0131mlanm\u0131\u015f, ara\u015ft\u0131rma niteli\u011findeki ki\u015fisel veya b\u00fct\u00fcnc\u00fcl olarak ortak yaz\u0131lm\u0131\u015f , telif ve T\u00fcrk\u00e7e kitaplar de\u011ferlendirilecek.<br>Derleme ve b\u00f6l\u00fcmler halinde farkl\u0131 yazarlar taraf\u0131ndan haz\u0131rlanan derleme eserler \u00f6d\u00fcl kapsam\u0131na dahil olmayacak. \u0130kinci ve \u00fc\u00e7\u00fcnc\u00fc dallarda ortak \u00e7al\u0131\u015fmay\u0131 ger\u00e7ekle\u015ftirenler ortak aday say\u0131lacak. \u00c7ok isimli (birden fazla) yazar\u0131 olan makale ve kitaplar, \u00f6d\u00fcle aday olan ki\u015finin di\u011fer yazarlar\u0131n imzal\u0131 onay\u0131n\u0131 ald\u0131ktan sonra de\u011ferlendirmeye al\u0131nacak.<br><br>Her \u00fc\u00e7 dalda birden \u00f6d\u00fcle aday olunabilecek. Her dal i\u00e7in bir \u00f6d\u00fcl verilecek. \u00d6d\u00fcl yazmanl\u0131\u011f\u0131, \u00e7e\u015fitli nedenlerle \u00f6d\u00fcle kat\u0131lamayan kimi yap\u0131tlar\u0131 da, \u00f6d\u00fcle aday olarak g\u00f6sterebilecek.<br>Se\u00e7ici kurulu Prof. Dr. Sedat Sever, Prof. Dr. Ali Ekber \u015eahin, Prof. Dr. Firdevs G\u00fcm\u00fc\u015fo\u011flu, Prof. Dr. Berna Aslan, Prof. Dr. \u00dcm\u00fct Akag\u00fcnd\u00fcz ve Prof. Dr. Ilg\u0131n G\u00f6kler Dan\u0131\u015fman&#8217;dan (aile ad\u0131na) olu\u015fan \u00f6d\u00fcle son kat\u0131lma tarihi 1 Haziran 2026 olarak belirlendi.<br><br>\u00d6d\u00fcl ile ilgili ayr\u0131nt\u0131l\u0131 bilgi; &#8220;<strong>ihtbvakfi@gmail.com<\/strong>&#8221; \u00fczerinden edinilebilecek. \u00d6d\u00fcle aday yap\u0131tlar; ayn\u0131 elektronik posta \u00fczerinden ya da &#8220;<strong>Nafi Atuf Kansu E\u011fitbilim Ara\u015ft\u0131rmalar\u0131 \u00d6d\u00fcl\u00fc, 1112. Cadde No: 36\/3 \u00d6ve\u00e7ler, \u00c7ankaya \/ ANKARA<\/strong>&#8221; adresine g\u00f6nderilebilecek.<\/p>\n","protected":false},"excerpt":{"rendered":"<p>Yunus Nabi \u00d6d\u00fclleri Bu y\u0131l 81&#8217;incisi d\u00fczenlenecek Yunus Nadi \u00d6d\u00fclleri ba\u015fvurular\u0131 i\u00e7in gerekli bilgi a\u015fa\u011f\u0131daki g\u00f6rselde yer almaktad\u0131r. \u0130lginize sunar\u0131z. Nafi Atuf Kansu E\u011fitbilim Ara\u015ft\u0131rmalar\u0131 \u00d6d\u00fclleri E\u011fitimci ve siyaset\u00e7i Nafi Atuf Kansu ad\u0131na konulmu\u015f olan E\u011fitbilim Ara\u015ft\u0131rmalar\u0131 \u00d6d\u00fcl\u00fc&#8217;ne 2026 y\u0131l\u0131 i\u00e7in kat\u0131l\u0131m ko\u015fullar\u0131 a\u00e7\u0131kland\u0131. \u00d6d\u00fcle adaylar \u00fc\u00e7 ayr\u0131 dalda kat\u0131labilecekler:\u2022\u2060 \u2060Tez: 30.06.2025 &#8211; 01.04.2026 tarihleri [&hellip;]<\/p>\n","protected":false},"author":6,"featured_media":2134,"comment_status":"open","ping_status":"open","sticky":false,"template":"","format":"standard","meta":{"_uag_custom_page_level_css":"","_themeisle_gutenberg_block_has_review":false,"footnotes":""},"categories":[1],"tags":[],"class_list":["post-2133","post","type-post","status-publish","format-standard","has-post-thumbnail","hentry","category-genel"],"blocksy_meta":[],"uagb_featured_image_src":{"full":["https:\/\/tsbd.org.tr\/wp-content\/uploads\/2026\/03\/yunus_nadi_odul.jpeg",1170,749,false],"thumbnail":["https:\/\/tsbd.org.tr\/wp-content\/uploads\/2026\/03\/yunus_nadi_odul-150x150.jpeg",150,150,true],"medium":["https:\/\/tsbd.org.tr\/wp-content\/uploads\/2026\/03\/yunus_nadi_odul-300x192.jpeg",300,192,true],"medium_large":["https:\/\/tsbd.org.tr\/wp-content\/uploads\/2026\/03\/yunus_nadi_odul-768x492.jpeg",768,492,true],"large":["https:\/\/tsbd.org.tr\/wp-content\/uploads\/2026\/03\/yunus_nadi_odul-1024x656.jpeg",1024,656,true],"1536x1536":["https:\/\/tsbd.org.tr\/wp-content\/uploads\/2026\/03\/yunus_nadi_odul.jpeg",1170,749,false],"2048x2048":["https:\/\/tsbd.org.tr\/wp-content\/uploads\/2026\/03\/yunus_nadi_odul.jpeg",1170,749,false]},"uagb_author_info":{"display_name":false,"author_link":"https:\/\/tsbd.org.tr\/?author=6"},"uagb_comment_info":3,"uagb_excerpt":"Yunus Nabi \u00d6d\u00fclleri Bu y\u0131l 81&#8217;incisi d\u00fczenlenecek Yunus Nadi \u00d6d\u00fclleri ba\u015fvurular\u0131 i\u00e7in gerekli bilgi a\u015fa\u011f\u0131daki g\u00f6rselde yer almaktad\u0131r. \u0130lginize sunar\u0131z. Nafi Atuf Kansu E\u011fitbilim Ara\u015ft\u0131rmalar\u0131 \u00d6d\u00fclleri E\u011fitimci ve siyaset\u00e7i Nafi Atuf Kansu ad\u0131na konulmu\u015f olan E\u011fitbilim Ara\u015ft\u0131rmalar\u0131 \u00d6d\u00fcl\u00fc&#8217;ne 2026 y\u0131l\u0131 i\u00e7in kat\u0131l\u0131m ko\u015fullar\u0131 a\u00e7\u0131kland\u0131. \u00d6d\u00fcle adaylar \u00fc\u00e7 ayr\u0131 dalda kat\u0131labilecekler:\u2022\u2060 \u2060Tez: 30.06.2025 &#8211; 01.04.2026 tarihleri&hellip;","_links":{"self":[{"href":"https:\/\/tsbd.org.tr\/index.php?rest_route=\/wp\/v2\/posts\/2133","targetHints":{"allow":["GET"]}}],"collection":[{"href":"https:\/\/tsbd.org.tr\/index.php?rest_route=\/wp\/v2\/posts"}],"about":[{"href":"https:\/\/tsbd.org.tr\/index.php?rest_route=\/wp\/v2\/types\/post"}],"author":[{"embeddable":true,"href":"https:\/\/tsbd.org.tr\/index.php?rest_route=\/wp\/v2\/users\/6"}],"replies":[{"embeddable":true,"href":"https:\/\/tsbd.org.tr\/index.php?rest_route=%2Fwp%2Fv2%2Fcomments&post=2133"}],"version-history":[{"count":4,"href":"https:\/\/tsbd.org.tr\/index.php?rest_route=\/wp\/v2\/posts\/2133\/revisions"}],"predecessor-version":[{"id":2142,"href":"https:\/\/tsbd.org.tr\/index.php?rest_route=\/wp\/v2\/posts\/2133\/revisions\/2142"}],"wp:featuredmedia":[{"embeddable":true,"href":"https:\/\/tsbd.org.tr\/index.php?rest_route=\/wp\/v2\/media\/2134"}],"wp:attachment":[{"href":"https:\/\/tsbd.org.tr\/index.php?rest_route=%2Fwp%2Fv2%2Fmedia&parent=2133"}],"wp:term":[{"taxonomy":"category","embeddable":true,"href":"https:\/\/tsbd.org.tr\/index.php?rest_route=%2Fwp%2Fv2%2Fcategories&post=2133"},{"taxonomy":"post_tag","embeddable":true,"href":"https:\/\/tsbd.org.tr\/index.php?rest_route=%2Fwp%2Fv2%2Ftags&post=2133"}],"curies":[{"name":"wp","href":"https:\/\/api.w.org\/{rel}","templated":true}]}}